{"id":646,"date":"2018-04-07T11:24:35","date_gmt":"2018-04-07T17:24:35","guid":{"rendered":"https:\/\/profesionalizacionsjpa.anuies.mx\/?p=646"},"modified":"2018-07-11T12:25:39","modified_gmt":"2018-07-11T18:25:39","slug":"firman-anuies-uas-y-fge-convenio-de-colaboracion-en-materia-de-profesionalizacion","status":"publish","type":"post","link":"https:\/\/profesionalizacionsjpa.anuies.mx\/index.php\/2018\/04\/07\/firman-anuies-uas-y-fge-convenio-de-colaboracion-en-materia-de-profesionalizacion\/","title":{"rendered":"Firman ANUIES, UAS y FGE convenio de colaboraci\u00f3n en materia de profesionalizaci\u00f3n"},"content":{"rendered":"<div class=\"detalle\">\n<div>\n<p><img loading=\"lazy\" class=\"alignnone size-medium wp-image-656\" src=\"https:\/\/profesionalizacionsjpa.anuies.mx\/wp-content\/uploads\/2018\/04\/Captura-de-pantalla-2018-07-11-a-las-12.22.38-300x200.png\" alt=\"\" width=\"300\" height=\"200\" srcset=\"https:\/\/profesionalizacionsjpa.anuies.mx\/wp-content\/uploads\/2018\/04\/Captura-de-pantalla-2018-07-11-a-las-12.22.38-300x200.png 300w, https:\/\/profesionalizacionsjpa.anuies.mx\/wp-content\/uploads\/2018\/04\/Captura-de-pantalla-2018-07-11-a-las-12.22.38-272x182.png 272w, https:\/\/profesionalizacionsjpa.anuies.mx\/wp-content\/uploads\/2018\/04\/Captura-de-pantalla-2018-07-11-a-las-12.22.38.png 700w\" sizes=\"(max-width: 300px) 100vw, 300px\" \/> <img loading=\"lazy\" class=\"alignnone size-medium wp-image-658\" src=\"https:\/\/profesionalizacionsjpa.anuies.mx\/wp-content\/uploads\/2018\/04\/Captura-de-pantalla-2018-07-11-a-las-12.22.59-300x200.png\" alt=\"\" width=\"300\" height=\"200\" srcset=\"https:\/\/profesionalizacionsjpa.anuies.mx\/wp-content\/uploads\/2018\/04\/Captura-de-pantalla-2018-07-11-a-las-12.22.59-300x200.png 300w, https:\/\/profesionalizacionsjpa.anuies.mx\/wp-content\/uploads\/2018\/04\/Captura-de-pantalla-2018-07-11-a-las-12.22.59-272x182.png 272w, https:\/\/profesionalizacionsjpa.anuies.mx\/wp-content\/uploads\/2018\/04\/Captura-de-pantalla-2018-07-11-a-las-12.22.59.png 628w\" sizes=\"(max-width: 300px) 100vw, 300px\" \/> <img loading=\"lazy\" class=\"alignnone size-medium wp-image-657\" src=\"https:\/\/profesionalizacionsjpa.anuies.mx\/wp-content\/uploads\/2018\/04\/Captura-de-pantalla-2018-07-11-a-las-12.22.47-300x200.png\" alt=\"\" width=\"300\" height=\"200\" srcset=\"https:\/\/profesionalizacionsjpa.anuies.mx\/wp-content\/uploads\/2018\/04\/Captura-de-pantalla-2018-07-11-a-las-12.22.47-300x200.png 300w, https:\/\/profesionalizacionsjpa.anuies.mx\/wp-content\/uploads\/2018\/04\/Captura-de-pantalla-2018-07-11-a-las-12.22.47-272x182.png 272w, https:\/\/profesionalizacionsjpa.anuies.mx\/wp-content\/uploads\/2018\/04\/Captura-de-pantalla-2018-07-11-a-las-12.22.47.png 633w\" sizes=\"(max-width: 300px) 100vw, 300px\" \/><\/p>\n<p>La Asociaci\u00f3n Nacional de Universidades e Instituciones de Educaci\u00f3n Superior (ANUIES), la Universidad Aut\u00f3noma de Sinaloa (UAS), y la Fiscal\u00eda General del Estado (FGE) firmaron un convenio de colaboraci\u00f3n que tiene como objetivo impulsar la profesionalizaci\u00f3n de los servidores p\u00fablicos y operadores del nuevo Sistema de Justicia Penal en el Estado de Sinaloa.<\/p>\n<p>En su participaci\u00f3n, Jaime Valls Esponda explic\u00f3 que lo que la ANUIES est\u00e1 haciendo en todo el pa\u00eds es trabajar en el nuevo Sistema de Justicia Penal en lo que tiene que ver con la profesionalizaci\u00f3n y capacitaci\u00f3n.<\/p>\n<p>\u201cHicimos una convocatoria abierta en la que se sumaron 20 universidades, tanto p\u00fablicas como particulares, destacando por supuesto la Aut\u00f3noma de Sinaloa donde estamos homologando, precisamente, los materiales did\u00e1cticos de capacitaci\u00f3n y profesionalizaci\u00f3n en diplomados espec\u00edficos, en temas de asesores jur\u00eddicos en el Sistema de Justicia Penal, para defensores, para fiscales del propio sistema y mecanismos alternativos de soluci\u00f3n de controversias en materia penal\u201d, subray\u00f3 Valls Esponda.<\/p>\n<p>El Secretario General Ejecutivo de la ANUIES resalt\u00f3 que la UAS es de las primeras universidades que est\u00e1n poniendo en marcha estos diplomados, que desde el a\u00f1o pasado se han estado trabajando con los especialistas.<\/p>\n<p>Al hacer uso de la voz durante la firma de dicho convenio, el doctor Juan Eulogio Guerra Liera, Rector de la UAS explic\u00f3 que el prop\u00f3sito de profesionalizar a los servidores p\u00fablicos se lograr\u00e1 a trav\u00e9s de varios diplomados que impartir\u00e1 esta Casa de Estudios en coordinaci\u00f3n con la ANUIES, a fin de coadyuvar a la implementaci\u00f3n integral y fortalecimiento del mencionado Sistema de Justicia Penal.<\/p>\n<p>Guerra Liera agradeci\u00f3 al Secretario General Ejecutivo de la ANUIES, Jaime Valls Esponda y al Fiscal General de Sinaloa, Juan Jos\u00e9 R\u00edos Estavillo, por el importante paso que se est\u00e1 dando para elevar la calidad de la impartici\u00f3n de justicia y con ello incrementar la confianza de la poblaci\u00f3n en sus autoridades.<\/p>\n<p>Subray\u00f3 que el objetivo de este convenio es impulsar la profesionalizaci\u00f3n y capacitaci\u00f3n de los servidores p\u00fablicos y operadores del nuevo Sistema de Justicia Penal mediante 4 diplomados que se impartir\u00e1n por especialistas seleccionados por esta Casa de Estudios.<\/p>\n<p>Juan Jos\u00e9 R\u00edos Estavillo, Fiscal General del Estado destac\u00f3 por su parte que el tener la ocasi\u00f3n de suscribir un acuerdo como el que ahora les ocupa, es una gran oportunidad porque se est\u00e1 haciendo con la agrupaci\u00f3n que conforma a las mejores universidades del pa\u00eds y con la M\u00e1xima Casa de Estudios del estado.<\/p>\n<p>\u201cLa din\u00e1mica de la improvisaci\u00f3n ya tiene que ir desapareciendo, sobre todo en la atenci\u00f3n de la soluci\u00f3n de problemas que se circunscriben en realidades que tenemos que ir resolviendo d\u00eda con d\u00eda y para eso es la disciplina y el orden que aporten de la ciencia y qu\u00e9 mejor que las universidades y la formaci\u00f3n que nuestra M\u00e1xima Casa de Estudios nos tiene que dar\u201d, coment\u00f3.<\/p>\n<p>&nbsp;<\/p>\n<\/div>\n<div align=\"center\"><\/div>\n<\/div>\n","protected":false},"excerpt":{"rendered":"<p>La Asociaci\u00f3n Nacional de Universidades e Instituciones de Educaci\u00f3n Superior (ANUIES), la Universidad Aut\u00f3noma de Sinaloa (UAS), y la Fiscal\u00eda General del Estado (FGE) firmaron un convenio de colaboraci\u00f3n que tiene como objetivo impulsar la profesionalizaci\u00f3n de los servidores p\u00fablicos y operadores del nuevo Sistema de Justicia Penal en el Estado de Sinaloa. En su &hellip; <\/p>\n","protected":false},"author":2,"featured_media":656,"comment_status":"open","ping_status":"open","sticky":false,"template":"","format":"standard","meta":[],"categories":[5],"tags":[],"_links":{"self":[{"href":"https:\/\/profesionalizacionsjpa.anuies.mx\/index.php\/wp-json\/wp\/v2\/posts\/646"}],"collection":[{"href":"https:\/\/profesionalizacionsjpa.anuies.mx\/index.php\/wp-json\/wp\/v2\/posts"}],"about":[{"href":"https:\/\/profesionalizacionsjpa.anuies.mx\/index.php\/wp-json\/wp\/v2\/types\/post"}],"author":[{"embeddable":true,"href":"https:\/\/profesionalizacionsjpa.anuies.mx\/index.php\/wp-json\/wp\/v2\/users\/2"}],"replies":[{"embeddable":true,"href":"https:\/\/profesionalizacionsjpa.anuies.mx\/index.php\/wp-json\/wp\/v2\/comments?post=646"}],"version-history":[{"count":3,"href":"https:\/\/profesionalizacionsjpa.anuies.mx\/index.php\/wp-json\/wp\/v2\/posts\/646\/revisions"}],"predecessor-version":[{"id":660,"href":"https:\/\/profesionalizacionsjpa.anuies.mx\/index.php\/wp-json\/wp\/v2\/posts\/646\/revisions\/660"}],"wp:featuredmedia":[{"embeddable":true,"href":"https:\/\/profesionalizacionsjpa.anuies.mx\/index.php\/wp-json\/wp\/v2\/media\/656"}],"wp:attachment":[{"href":"https:\/\/profesionalizacionsjpa.anuies.mx\/index.php\/wp-json\/wp\/v2\/media?parent=646"}],"wp:term":[{"taxonomy":"category","embeddable":true,"href":"https:\/\/profesionalizacionsjpa.anuies.mx\/index.php\/wp-json\/wp\/v2\/categories?post=646"},{"taxonomy":"post_tag","embeddable":true,"href":"https:\/\/profesionalizacionsjpa.anuies.mx\/index.php\/wp-json\/wp\/v2\/tags?post=646"}],"curies":[{"name":"wp","href":"https:\/\/api.w.org\/{rel}","templated":true}]}}