{"id":654,"date":"2018-06-23T12:16:02","date_gmt":"2018-06-23T18:16:02","guid":{"rendered":"https:\/\/profesionalizacionsjpa.anuies.mx\/?p=654"},"modified":"2018-07-11T12:47:11","modified_gmt":"2018-07-11T18:47:11","slug":"finaliza-en-la-uabcs-el-diplomado-el-fiscal-en-el-sistema-de-justicia-penal","status":"publish","type":"post","link":"https:\/\/profesionalizacionsjpa.anuies.mx\/index.php\/2018\/06\/23\/finaliza-en-la-uabcs-el-diplomado-el-fiscal-en-el-sistema-de-justicia-penal\/","title":{"rendered":"Finaliza en la UABCS el diplomado \u201cEl Fiscal en el Sistema de Justicia Penal\u201d"},"content":{"rendered":"<p><img loading=\"lazy\" class=\"alignnone size-medium wp-image-669\" src=\"https:\/\/profesionalizacionsjpa.anuies.mx\/wp-content\/uploads\/2018\/06\/36189226_237846723686093_5297120265807855616_n-300x225.jpg\" alt=\"\" width=\"300\" height=\"225\" srcset=\"https:\/\/profesionalizacionsjpa.anuies.mx\/wp-content\/uploads\/2018\/06\/36189226_237846723686093_5297120265807855616_n-300x225.jpg 300w, https:\/\/profesionalizacionsjpa.anuies.mx\/wp-content\/uploads\/2018\/06\/36189226_237846723686093_5297120265807855616_n-768x576.jpg 768w, https:\/\/profesionalizacionsjpa.anuies.mx\/wp-content\/uploads\/2018\/06\/36189226_237846723686093_5297120265807855616_n.jpg 960w\" sizes=\"(max-width: 300px) 100vw, 300px\" \/><\/p>\n<p>USAID, ANUIES y la UABCS, dieron por clausurado<span class=\"text_exposed_show\">\u00a0el diplomado \u201cEl Fiscal en el Sistema de Justicia Penal\u201d que forma parte del Programa de Profesionalizaci\u00f3n de Operadores y Comunicadores en el Sistema de Justicia Penal, en compa\u00f1\u00eda de el Lic. Alvaro Castilla Gracia, en las instalaciones de nuestra m\u00e1xima casa de estudios extensi\u00f3n acad\u00e9mica La Paz.<\/span><\/p>\n","protected":false},"excerpt":{"rendered":"<p>USAID, ANUIES y la UABCS, dieron por clausurado\u00a0el diplomado \u201cEl Fiscal en el Sistema de Justicia Penal\u201d que forma parte del Programa de Profesionalizaci\u00f3n de Operadores y Comunicadores en el Sistema de Justicia Penal, en compa\u00f1\u00eda de el Lic. Alvaro Castilla Gracia, en las instalaciones de nuestra m\u00e1xima casa de estudios extensi\u00f3n acad\u00e9mica La Paz.<\/p>\n","protected":false},"author":2,"featured_media":669,"comment_status":"open","ping_status":"open","sticky":false,"template":"","format":"standard","meta":[],"categories":[5],"tags":[],"_links":{"self":[{"href":"https:\/\/profesionalizacionsjpa.anuies.mx\/index.php\/wp-json\/wp\/v2\/posts\/654"}],"collection":[{"href":"https:\/\/profesionalizacionsjpa.anuies.mx\/index.php\/wp-json\/wp\/v2\/posts"}],"about":[{"href":"https:\/\/profesionalizacionsjpa.anuies.mx\/index.php\/wp-json\/wp\/v2\/types\/post"}],"author":[{"embeddable":true,"href":"https:\/\/profesionalizacionsjpa.anuies.mx\/index.php\/wp-json\/wp\/v2\/users\/2"}],"replies":[{"embeddable":true,"href":"https:\/\/profesionalizacionsjpa.anuies.mx\/index.php\/wp-json\/wp\/v2\/comments?post=654"}],"version-history":[{"count":2,"href":"https:\/\/profesionalizacionsjpa.anuies.mx\/index.php\/wp-json\/wp\/v2\/posts\/654\/revisions"}],"predecessor-version":[{"id":670,"href":"https:\/\/profesionalizacionsjpa.anuies.mx\/index.php\/wp-json\/wp\/v2\/posts\/654\/revisions\/670"}],"wp:featuredmedia":[{"embeddable":true,"href":"https:\/\/profesionalizacionsjpa.anuies.mx\/index.php\/wp-json\/wp\/v2\/media\/669"}],"wp:attachment":[{"href":"https:\/\/profesionalizacionsjpa.anuies.mx\/index.php\/wp-json\/wp\/v2\/media?parent=654"}],"wp:term":[{"taxonomy":"category","embeddable":true,"href":"https:\/\/profesionalizacionsjpa.anuies.mx\/index.php\/wp-json\/wp\/v2\/categories?post=654"},{"taxonomy":"post_tag","embeddable":true,"href":"https:\/\/profesionalizacionsjpa.anuies.mx\/index.php\/wp-json\/wp\/v2\/tags?post=654"}],"curies":[{"name":"wp","href":"https:\/\/api.w.org\/{rel}","templated":true}]}}