{"id":681,"date":"2018-08-24T11:00:02","date_gmt":"2018-08-24T17:00:02","guid":{"rendered":"https:\/\/profesionalizacionsjpa.anuies.mx\/?p=681"},"modified":"2018-08-24T11:37:59","modified_gmt":"2018-08-24T17:37:59","slug":"ponen-en-marcha-el-diplomado-el-fiscal-en-el-sistema-de-justicia-penal","status":"publish","type":"post","link":"https:\/\/profesionalizacionsjpa.anuies.mx\/index.php\/2018\/08\/24\/ponen-en-marcha-el-diplomado-el-fiscal-en-el-sistema-de-justicia-penal\/","title":{"rendered":"Ponen en marcha el Diplomado \u201cEl Fiscal en el Sistema de Justicia Penal\u201d"},"content":{"rendered":"<p><img loading=\"lazy\" src=\"https:\/\/profesionalizacionsjpa.anuies.mx\/wp-content\/uploads\/2018\/08\/normal_1534548797-300x200.jpg\" alt=\"\" width=\"300\" height=\"200\" class=\"alignnone size-medium wp-image-682\" srcset=\"https:\/\/profesionalizacionsjpa.anuies.mx\/wp-content\/uploads\/2018\/08\/normal_1534548797-300x200.jpg 300w, https:\/\/profesionalizacionsjpa.anuies.mx\/wp-content\/uploads\/2018\/08\/normal_1534548797-272x182.jpg 272w, https:\/\/profesionalizacionsjpa.anuies.mx\/wp-content\/uploads\/2018\/08\/normal_1534548797.jpg 640w\" sizes=\"(max-width: 300px) 100vw, 300px\" \/> La Universidad Aut\u00f3noma de Sinaloa (UAS), la Asociaci\u00f3n Nacional de Universidades e Instituciones de Educaci\u00f3n Superior (ANUIES) y la Fiscal\u00eda General del Estado de Sinaloa (FGES) pusieron en marcha el Diplomado \u201cEl Fiscal en el Sistema de Justicia Penal\u201d, en el marco del Proyecto de Profesionalizaci\u00f3n de Operadores y Comunicadores del Sistema de Justicia Penal que coordina la Agencia de los Estados Unidos para el Desarrollo Internacional (USAID) y la ANUIES.<\/p>\n<p>La responsable de operar este proyecto en Sinaloa es la Casa Rosalina en su car\u00e1cter de presidenta de la Regi\u00f3n Noroeste de ANUIES, mientras que el Diplomado se realiza en atenci\u00f3n al convenio de colaboraci\u00f3n con la Fiscal\u00eda General del Estado de Sinaloa (FGES) y la ANUIES.<\/p>\n<p>En su discurso de bienvenida, el Rector de la UAS y presidente de la Regi\u00f3n Noroeste de ANUIES, doctor Juan Eulogio Guerra Liera, consider\u00f3 que el impacto de este Diplomado deber\u00e1 ser notorio en las instituciones participantes y en la sociedad en general, y manifest\u00f3 su benepl\u00e1cito porque se d\u00e9 al amparo del Convenio firmado entre USAID y la ANUIES.<\/p>\n<p>\u201cDe igual forma este Diplomado se enmarca en el convenio establecido entre la Fiscal\u00eda General del Estado y la Universidad Aut\u00f3noma de Sinaloa, donde se establecen las bases para la colaboraci\u00f3n en materia de actualizaci\u00f3n y capacitaci\u00f3n, hemos establecido estos acuerdos, pues desde la educaci\u00f3n media superior y superior hemos asumido un claro compromiso con la cultura de la legalidad, convencidos de que es a trav\u00e9s del fortalecimiento del estado de derecho como podremos construir un M\u00e9xico en paz y con mayor desarrollo\u201d, dijo.<\/p>\n<p>Por lo anterior enfatiz\u00f3 que en la UAS se impulsan acciones para afianzar los valores y elevar la cohesi\u00f3n social, para prevenir la violencia y las adicciones y para que los j\u00f3venes construyan su proyecto de vida.<\/p>\n<p>\u201cConsideramos imperativo que nuestra poblaci\u00f3n recupere la confianza y la seguridad, que se erradique la impunidad; demos paso a un modelo basado en la justicia, aspiraci\u00f3n donde la figura del Fiscal juega un papel fundamental (\u2026) tengo la certeza de que los contenidos que aqu\u00ed se aborden se sumar\u00e1n a las capacidades que ya existen en las fiscal\u00edas y con ello podremos avanzar a un sistema m\u00e1s efectivo de justicia en el estado, la regi\u00f3n y el pa\u00eds\u201d, expres\u00f3 el Rector.<\/p>\n<p>Por su parte el Fiscal General de Justicia del Estado de Sinaloa, doctor Juan Jos\u00e9 R\u00edos Estavillo, celebr\u00f3 la realizaci\u00f3n del Diplomado por estar convencido de que la mejor forma de que la procuraci\u00f3n de justicia eleve su calidad es a trav\u00e9s de la permanente actualizaci\u00f3n del conocimiento, habilidades y destrezas por parte de sus operadores.<\/p>\n<p>\u201cDe ah\u00ed que en colaboraci\u00f3n con la ANUIES y con la M\u00e1xima Casa de Estudios del estado, la Universidad Aut\u00f3noma de Sinaloa, el Diplomado que hoy inicia es una gran oportunidad de continuar impulsando la capacitaci\u00f3n y profesionalizaci\u00f3n de los agentes del Ministerio P\u00fablico en nuestro estado, peritos y polic\u00edas de investigaci\u00f3n\u201d, manifest\u00f3.<\/p>\n<p>Correspondi\u00f3 inaugurar el inicio de los trabajos del Diplomado a la Directora Jur\u00eddica de la ANUIES, maestra Yolanda Legorreta, en representaci\u00f3n del maestro Jaime Valls Esponda, Secretario General Ejecutivo de la Asociaci\u00f3n, y en su discurso se\u00f1al\u00f3 que en el Proyecto de Profesionalizaci\u00f3n de Operadores y Comunicadores del Sistema de Justicia Penal ha participado un gran n\u00famero de expertos, 19 universidades y 99 docentes, adem\u00e1s se han realizado convenios espec\u00edficos con diferentes instituciones en la materia.<\/p>\n<p>Detall\u00f3 el origen del Proyecto, sus objetivos y contenido e inform\u00f3 que se ha iniciado la impartici\u00f3n de diplomados para la profesionalizaci\u00f3n de los operadores de justica penal en la Universidad Aut\u00f3noma de Baja California Sur, en la Aut\u00f3noma del Carmen y la Aut\u00f3noma de Nuevo Le\u00f3n, hoy en la UAS y dentro de unos d\u00edas en la Universidad de Colima.<\/p>\n<p>\u201cAgradezco el inter\u00e9s de la Fiscal\u00eda General del Estado de Sinaloa por la profesionalizaci\u00f3n de los operadores y por la confianza depositada en los expertos de la Universidad Aut\u00f3noma de Sinaloa; en representaci\u00f3n de la Secretar\u00eda General Ejecutiva de la ANUIES agradezco el apoyo invaluable que siempre ha dispensado el se\u00f1or Rector, doctor Juan Eulogio Guerra Liera, a los proyectos de la ANUIES y a este en especial (\u2026) muchas felicidades a los que participar\u00e1n en el desarrollo y a los que ven en \u00e9l la oportunidad para su mejoramiento profesional\u201d, extern\u00f3.<\/p>\n<p>El Diplomado tiene acreditaci\u00f3n con valor curricular por la ANUIES y las universidades participantes, as\u00ed como el reconocimiento del Secretariado Ejecutivo del Sistema Nacional de Seguridad P\u00fablica y tendr\u00e1 una duraci\u00f3n de 160 horas, con sesiones viernes y s\u00e1bados para culminar el 24 de noviembre de este a\u00f1o.<\/p>\n","protected":false},"excerpt":{"rendered":"<p>La Universidad Aut\u00f3noma de Sinaloa (UAS), la Asociaci\u00f3n Nacional de Universidades e Instituciones de Educaci\u00f3n Superior (ANUIES) y la Fiscal\u00eda General del Estado de Sinaloa (FGES) pusieron en marcha el Diplomado \u201cEl Fiscal en el Sistema de Justicia Penal\u201d, en el marco del Proyecto de Profesionalizaci\u00f3n de Operadores y Comunicadores del Sistema de Justicia Penal &hellip; <\/p>\n","protected":false},"author":2,"featured_media":0,"comment_status":"closed","ping_status":"closed","sticky":false,"template":"","format":"standard","meta":[],"categories":[5],"tags":[],"_links":{"self":[{"href":"https:\/\/profesionalizacionsjpa.anuies.mx\/index.php\/wp-json\/wp\/v2\/posts\/681"}],"collection":[{"href":"https:\/\/profesionalizacionsjpa.anuies.mx\/index.php\/wp-json\/wp\/v2\/posts"}],"about":[{"href":"https:\/\/profesionalizacionsjpa.anuies.mx\/index.php\/wp-json\/wp\/v2\/types\/post"}],"author":[{"embeddable":true,"href":"https:\/\/profesionalizacionsjpa.anuies.mx\/index.php\/wp-json\/wp\/v2\/users\/2"}],"replies":[{"embeddable":true,"href":"https:\/\/profesionalizacionsjpa.anuies.mx\/index.php\/wp-json\/wp\/v2\/comments?post=681"}],"version-history":[{"count":4,"href":"https:\/\/profesionalizacionsjpa.anuies.mx\/index.php\/wp-json\/wp\/v2\/posts\/681\/revisions"}],"predecessor-version":[{"id":686,"href":"https:\/\/profesionalizacionsjpa.anuies.mx\/index.php\/wp-json\/wp\/v2\/posts\/681\/revisions\/686"}],"wp:attachment":[{"href":"https:\/\/profesionalizacionsjpa.anuies.mx\/index.php\/wp-json\/wp\/v2\/media?parent=681"}],"wp:term":[{"taxonomy":"category","embeddable":true,"href":"https:\/\/profesionalizacionsjpa.anuies.mx\/index.php\/wp-json\/wp\/v2\/categories?post=681"},{"taxonomy":"post_tag","embeddable":true,"href":"https:\/\/profesionalizacionsjpa.anuies.mx\/index.php\/wp-json\/wp\/v2\/tags?post=681"}],"curies":[{"name":"wp","href":"https:\/\/api.w.org\/{rel}","templated":true}]}}